{
    "id": 1210,
    "date": "2025-12-12T11:34:20",
    "date_gmt": "2025-12-12T11:34:20",
    "guid": {
        "rendered": "https:\/\/ladcouleurs.com\/?post_type=product&#038;p=1210"
    },
    "modified": "2025-12-21T11:05:29",
    "modified_gmt": "2025-12-21T11:05:29",
    "slug": "robe-elise",
    "status": "publish",
    "type": "product",
    "link": "http:\/\/ladcouleurs.com\/it\/prodotto\/robe-elise\/",
    "title": {
        "rendered": "Robe Elise"
    },
    "content": {
        "rendered": "<div style=\"width: 720px;\" class=\"wp-video\"><!--[if lt IE 9]><script>document.createElement('video');<\/script><![endif]-->\n<video class=\"wp-video-shortcode\" id=\"video-1210-1\" width=\"720\" height=\"1080\" preload=\"metadata\" controls=\"controls\"><source type=\"video\/mp4\" src=\"https:\/\/ladcouleurs.com\/wp-content\/uploads\/2025\/12\/1.mp4?_=1\" \/><a href=\"https:\/\/ladcouleurs.com\/wp-content\/uploads\/2025\/12\/1.mp4\">https:\/\/ladcouleurs.com\/wp-content\/uploads\/2025\/12\/1.mp4<\/a><\/video><\/div>\n<p>&nbsp;<\/p>\n<p><strong>Pi\u00e8ces Uniques<\/strong><br \/>\nMade in Italy \u00b7 Exclusivit\u00e9 \u00b7 Artisanat d\u2019Excellence<\/p>\n<p>Con\u00e7ue pour celles qui aiment s\u2019\u00e9panouir dans la douceur et l\u2019\u00e9l\u00e9gance, elle \u00e9voque la po\u00e9sie des instants suspendus, les rires partag\u00e9s lors d\u2019une soir\u00e9e d\u2019\u00e9t\u00e9, et la beaut\u00e9 subtile de chaque mouvement. Porter cette robe, c\u2019est embrasser la l\u00e9g\u00e8ret\u00e9, l\u2019artisanat et la d\u00e9licatesse, tout en affirmant sa f\u00e9minit\u00e9 avec raffinement.<\/p>\n<p>Couleur<\/p>\n<p>La robe se d\u00e9cline dans une palette pastel douce et lumineuse, parfaite pour sublimer la d\u00e9licatesse du tissu brod\u00e9. Ces nuances claires renforcent la fra\u00eecheur du mod\u00e8le et apportent une \u00e9l\u00e9gance naturelle, id\u00e9ale pour les beaux jours comme pour les soir\u00e9es estivales.<\/p>\n<p>Style<\/p>\n<p>Un style romantique, raffin\u00e9 et a\u00e9rien, sublim\u00e9 par un tissu travaill\u00e9 en relief, inspir\u00e9 de la broderie anglaise traditionnelle. La robe incarne une f\u00e9minit\u00e9 moderne, l\u00e9g\u00e8re et intemporelle, pens\u00e9e pour \u00eatre port\u00e9e aussi bien durant la journ\u00e9e que lors de soir\u00e9es, f\u00eates ou \u00e9v\u00e9nements sp\u00e9ciaux.<\/p>\n<p>D\u00e9tails du mod\u00e8le<\/p>\n<p>100% coton de haute qualit\u00e9, doux, respirant et agr\u00e9able sur la peau<\/p>\n<p>Tissu brod\u00e9 en l\u00e9ger relief, rappelant le \u00ab\u00a0Pizzo Sangallo\u00a0\u00bb italienne, pour une texture riche et sophistiqu\u00e9e<\/p>\n<p>Bretelles \u00e0 n\u0153uds, ajoutant une touche d\u00e9licate et f\u00e9minine<\/p>\n<p>D\u00e9collet\u00e9 \u00e9l\u00e9gant, soulignant naturellement les \u00e9paules et le port de t\u00eate<\/p>\n<p>Coupe fluide qui accompagne les mouvements avec gr\u00e2ce<\/p>\n<p>Finitions soign\u00e9es, fid\u00e8le \u00e0 l\u2019esprit artisanal de L\u2019\u00c2me des Couleurs<\/p>\n<p>Tailles disponibles : S et M<\/p>\n<p>Esclusivo<\/p>\n<p>Cette cr\u00e9ation se distingue par son tissu travaill\u00e9, ses d\u00e9tails raffin\u00e9s et son caract\u00e8re unique. Une robe qui capture l\u2019essence du savoir-faire textile et du style po\u00e9tique cher \u00e0 L\u2019\u00c2me des Couleurs. Une pi\u00e8ce pr\u00e9cieuse, \u00e0 la fois simple et sophistiqu\u00e9e, con\u00e7ue pour magnifier chaque instant.<\/p>",
        "protected": false
    },
    "excerpt": {
        "rendered": "<p>&nbsp; Pi\u00e8ces Uniques Made in Italy \u00b7 Exclusivit\u00e9 \u00b7 Artisanat d\u2019Excellence Con\u00e7ue pour celles qui aiment s\u2019\u00e9panouir dans la douceur et l\u2019\u00e9l\u00e9gance, elle \u00e9voque la po\u00e9sie des instants suspendus, les rires partag\u00e9s lors d\u2019une soir\u00e9e d\u2019\u00e9t\u00e9, et la beaut\u00e9 subtile [&hellip;]<\/p>",
        "protected": false
    },
    "featured_media": 1189,
    "comment_status": "closed",
    "ping_status": "closed",
    "template": "",
    "meta": [],
    "product_brand": [],
    "product_cat": [
        63,
        32
    ],
    "product_tag": [],
    "class_list": {
        "0": "post-1210",
        "1": "product",
        "2": "type-product",
        "3": "status-publish",
        "4": "has-post-thumbnail",
        "6": "product_cat-les-archives",
        "7": "product_cat-robe",
        "8": "pa_taglia-m",
        "9": "pa_taglia-s",
        "11": "first",
        "12": "instock",
        "13": "taxable",
        "14": "shipping-taxable",
        "15": "purchasable",
        "16": "product-type-variable",
        "17": "wpzoom-wc-spi-has-enabled"
    },
    "_links": {
        "self": [
            {
                "href": "https:\/\/ladcouleurs.com\/it\/wp-json\/wp\/v2\/product\/1210",
                "targetHints": {
                    "allow": [
                        "GET"
                    ]
                }
            }
        ],
        "collection": [
            {
                "href": "https:\/\/ladcouleurs.com\/it\/wp-json\/wp\/v2\/product"
            }
        ],
        "about": [
            {
                "href": "https:\/\/ladcouleurs.com\/it\/wp-json\/wp\/v2\/types\/product"
            }
        ],
        "replies": [
            {
                "embeddable": true,
                "href": "https:\/\/ladcouleurs.com\/it\/wp-json\/wp\/v2\/comments?post=1210"
            }
        ],
        "wp:featuredmedia": [
            {
                "embeddable": true,
                "href": "https:\/\/ladcouleurs.com\/it\/wp-json\/wp\/v2\/media\/1189"
            }
        ],
        "wp:attachment": [
            {
                "href": "https:\/\/ladcouleurs.com\/it\/wp-json\/wp\/v2\/media?parent=1210"
            }
        ],
        "wp:term": [
            {
                "taxonomy": "product_brand",
                "embeddable": true,
                "href": "https:\/\/ladcouleurs.com\/it\/wp-json\/wp\/v2\/product_brand?post=1210"
            },
            {
                "taxonomy": "product_cat",
                "embeddable": true,
                "href": "https:\/\/ladcouleurs.com\/it\/wp-json\/wp\/v2\/product_cat?post=1210"
            },
            {
                "taxonomy": "product_tag",
                "embeddable": true,
                "href": "https:\/\/ladcouleurs.com\/it\/wp-json\/wp\/v2\/product_tag?post=1210"
            }
        ],
        "curies": [
            {
                "name": "wp",
                "href": "https:\/\/api.w.org\/{rel}",
                "templated": true
            }
        ]
    }
}